{"id":187,"date":"2025-11-23T22:42:43","date_gmt":"2025-11-23T21:42:43","guid":{"rendered":"https:\/\/jin-music.de\/?p=187"},"modified":"2025-11-24T00:51:40","modified_gmt":"2025-11-23T23:51:40","slug":"konzert","status":"publish","type":"post","link":"https:\/\/jin-music.de\/?p=187","title":{"rendered":"Winter\u00adkonzert 2025"},"content":{"rendered":"<p>\n\n\n<\/p>\n<p class=\"is-layout-grid wp-container-core-group-is-layout-9649a0d9 wp-block-group-is-layout-grid\">\n\n<\/p>\n<figure class=\"wp-container-content-69bc4bdf\"><img decoding=\"async\" src=\"https:\/\/jin-music.de\/wp-content\/uploads\/2025\/11\/image-1.png\" alt=\"\" \/>Einladung zum Winterkonzert 2025<img decoding=\"async\" src=\"https:\/\/jin-music.de\/wp-content\/uploads\/2025\/11\/image.png\" alt=\"\" \/><\/figure>\n<p>\n\n\n\n<\/p>\n<p>\n\n\n\n<\/p>\n<p>Winterkonzert 2025 \u2013 Musikinitiative Kirchheim-Heimstetten e.V.<br \/>Wir laden Sie herzlich zu unserem traditionellen Winterkonzert ein! Genie\u00dfen Sie festliche Musik zur Begr\u00fc\u00dfung der Adventszeit.<br \/>* Wann: Samstag, 06.12.2025 um 11:00 Uhr<br \/>* Wo: Catate-Kirche (Martin-Luther-Str. 5, Kirchheim bei M\u00fcnchen)<br \/>* Eintritt: Frei! Bitte L\u00e4cheln &amp; S\u00fc\u00dfes zum Naschen\u00a0mitbringen!<\/p>\n<p>Kommen Sie vorbei und stimmen Sie sich musikalisch auf den Winter ein!<br \/>Wir freuen uns auf Sie!<\/p>\n<p>\n\n\n\n<\/p>\n<figure><img decoding=\"async\" src=\"https:\/\/jin-music.de\/wp-content\/uploads\/2025\/11\/Winterkonzert_2025-724x1024.jpg\" alt=\"\" \/><\/figure>\n<p>\n\n\n\n<\/p>\n<p>\n\n\n<\/p>\n\n\n<p><\/p>\n","protected":false},"excerpt":{"rendered":"<p>Winterkonzert 2025 \u2013 Musikinitiative Kirchheim-Heimstetten e.V.Wir laden Sie herzlich zu unserem traditionellen Winterkonzert [&hellip;]<\/p>\n","protected":false},"author":1,"featured_media":236,"comment_status":"closed","ping_status":"closed","sticky":false,"template":"","format":"standard","meta":{"footnotes":""},"categories":[3],"tags":[],"class_list":["post-187","post","type-post","status-publish","format-standard","has-post-thumbnail","hentry","category-konzert"],"_links":{"self":[{"href":"https:\/\/jin-music.de\/index.php?rest_route=\/wp\/v2\/posts\/187","targetHints":{"allow":["GET"]}}],"collection":[{"href":"https:\/\/jin-music.de\/index.php?rest_route=\/wp\/v2\/posts"}],"about":[{"href":"https:\/\/jin-music.de\/index.php?rest_route=\/wp\/v2\/types\/post"}],"author":[{"embeddable":true,"href":"https:\/\/jin-music.de\/index.php?rest_route=\/wp\/v2\/users\/1"}],"replies":[{"embeddable":true,"href":"https:\/\/jin-music.de\/index.php?rest_route=%2Fwp%2Fv2%2Fcomments&post=187"}],"version-history":[{"count":12,"href":"https:\/\/jin-music.de\/index.php?rest_route=\/wp\/v2\/posts\/187\/revisions"}],"predecessor-version":[{"id":266,"href":"https:\/\/jin-music.de\/index.php?rest_route=\/wp\/v2\/posts\/187\/revisions\/266"}],"wp:featuredmedia":[{"embeddable":true,"href":"https:\/\/jin-music.de\/index.php?rest_route=\/wp\/v2\/media\/236"}],"wp:attachment":[{"href":"https:\/\/jin-music.de\/index.php?rest_route=%2Fwp%2Fv2%2Fmedia&parent=187"}],"wp:term":[{"taxonomy":"category","embeddable":true,"href":"https:\/\/jin-music.de\/index.php?rest_route=%2Fwp%2Fv2%2Fcategories&post=187"},{"taxonomy":"post_tag","embeddable":true,"href":"https:\/\/jin-music.de\/index.php?rest_route=%2Fwp%2Fv2%2Ftags&post=187"}],"curies":[{"name":"wp","href":"https:\/\/api.w.org\/{rel}","templated":true}]}}